{"id":168,"date":"2023-12-13T17:30:00","date_gmt":"2023-12-13T20:30:00","guid":{"rendered":"https:\/\/atriosstudio.com.br\/?p=168"},"modified":"2024-05-27T17:32:19","modified_gmt":"2024-05-27T20:32:19","slug":"gestacao-e-pilates-4-motivos-para-mamaes-praticarem","status":"publish","type":"post","link":"https:\/\/atriosstudio.com.br\/index.php\/2023\/12\/13\/gestacao-e-pilates-4-motivos-para-mamaes-praticarem\/","title":{"rendered":"Gesta\u00e7\u00e3o e pilates &#8211; 4 motivos para mam\u00e3es praticarem"},"content":{"rendered":"\n<p>Durante a gesta\u00e7\u00e3o, a pr\u00e1tica de exerc\u00edcios suaves e eficazes se torna ainda mais crucial para o bem-estar da futura mam\u00e3e. O Pilates, com sua abordagem centrada no fortalecimento e na conex\u00e3o mente-corpo, emerge como um aliado valioso para mulheres em todas as fases da gravidez. S\u00e3o in\u00fameros os benef\u00edcios da pr\u00e1tica do pilates na gesta\u00e7\u00e3o. Neste post vamos elencar 4 deles:<\/p>\n\n\n<div class=\"wp-block-image\">\n<figure class=\"alignleft size-full is-resized\"><img fetchpriority=\"high\" decoding=\"async\" width=\"960\" height=\"540\" src=\"https:\/\/atriosstudio.com.br\/wp-content\/uploads\/2024\/05\/Gestacao.png\" alt=\"\" class=\"wp-image-169\" style=\"width:441px;height:auto\" srcset=\"https:\/\/atriosstudio.com.br\/wp-content\/uploads\/2024\/05\/Gestacao.png 960w, https:\/\/atriosstudio.com.br\/wp-content\/uploads\/2024\/05\/Gestacao-300x169.png 300w, https:\/\/atriosstudio.com.br\/wp-content\/uploads\/2024\/05\/Gestacao-768x432.png 768w\" sizes=\"(max-width: 960px) 100vw, 960px\" \/><\/figure><\/div>\n\n\n<p><strong>1 \u2013 Fortalecimento<\/strong><strong><br><\/strong>O pilates na gesta\u00e7\u00e3o auxilia de forma eficaz no fortalecimento de m\u00fasculos essenciais para o parto, promovendo resist\u00eancia, flexibilidade e estabilidade durante a gesta\u00e7\u00e3o.<\/p>\n\n\n\n<p><strong>2 \u2013 Respira\u00e7\u00e3o<\/strong><strong><br><\/strong>O pilates enfatiza a respira\u00e7\u00e3o profunda, promovendo oxigena\u00e7\u00e3o adequada ao beb\u00ea. Al\u00e9m disso, a t\u00e9cnica de controle respirat\u00f3rio prepara as gestantes para o trabalho de parto, promovendo a oxigena\u00e7\u00e3o adequada.<\/p>\n\n\n\n<p><strong>3 \u2013 Conex\u00e3o Mente-Corpo<\/strong><strong><br><\/strong>O pilates estimula a consci\u00eancia corporal, fortalecendo a conex\u00e3o entre corpo e mente. Al\u00e9m disso auxilia as futuras mam\u00e3es a se adaptarem com as transforma\u00e7\u00f5es do corpo durante a gesta\u00e7\u00e3o.<\/p>\n\n\n\n<p><strong>4. Al\u00edvio de Desconfortos Comuns<\/strong><strong><br><\/strong>A pr\u00e1tica regular pode aliviar dores nas costas, melhorar a postura e reduzir desconfortos comuns da gravidez, proporcionando uma sensa\u00e7\u00e3o de leveza e equil\u00edbrio.<\/p>\n\n\n\n<p>O Pilates \u00e9 um exerc\u00edcio f\u00edsico de baixo impacto e indicado para gestantes. Mas, \u00e9 muito importante consultar o seu m\u00e9dico para garantir a escolha de uma atividade f\u00edsica ideal para voc\u00ea.<\/p>\n","protected":false},"excerpt":{"rendered":"<p>Durante a gesta\u00e7\u00e3o, a pr\u00e1tica de exerc\u00edcios suaves e eficazes se torna ainda mais crucial para o bem-estar da futura mam\u00e3e. O Pilates, com sua abordagem centrada no fortalecimento e na conex\u00e3o mente-corpo, emerge como um aliado valioso para mulheres em todas as fases da gravidez. S\u00e3o in\u00fameros os benef\u00edcios da pr\u00e1tica do pilates na&#8230;<\/p>\n","protected":false},"author":1,"featured_media":169,"comment_status":"open","ping_status":"open","sticky":false,"template":"","format":"standard","meta":{"_kad_post_transparent":"","_kad_post_title":"","_kad_post_layout":"","_kad_post_sidebar_id":"","_kad_post_content_style":"","_kad_post_vertical_padding":"","_kad_post_feature":"","_kad_post_feature_position":"","_kad_post_header":false,"_kad_post_footer":false,"footnotes":""},"categories":[8],"tags":[],"yoast_head":"<!-- This site is optimized with the Yoast SEO plugin v22.7 - https:\/\/yoast.com\/wordpress\/plugins\/seo\/ -->\n<title>Gesta\u00e7\u00e3o e pilates - 4 motivos para mam\u00e3es praticarem - \u00c1trios Studio<\/title>\n<meta name=\"description\" content=\"O pilates tem sua abordagem centrada no fortalecimento e na conex\u00e3o mente-corpo. A pr\u00e1tica \u00e9 valiosa em todas as fases da gesta\u00e7\u00e3o\" \/>\n<meta name=\"robots\" content=\"index, follow, max-snippet:-1, max-image-preview:large, max-video-preview:-1\" \/>\n<link rel=\"canonical\" href=\"https:\/\/atriosstudio.com.br\/index.php\/2023\/12\/13\/gestacao-e-pilates-4-motivos-para-mamaes-praticarem\/\" \/>\n<meta property=\"og:locale\" content=\"pt_BR\" \/>\n<meta property=\"og:type\" content=\"article\" \/>\n<meta property=\"og:title\" content=\"Gesta\u00e7\u00e3o e pilates - 4 motivos para mam\u00e3es praticarem - \u00c1trios Studio\" \/>\n<meta property=\"og:description\" content=\"O pilates tem sua abordagem centrada no fortalecimento e na conex\u00e3o mente-corpo. A pr\u00e1tica \u00e9 valiosa em todas as fases da gesta\u00e7\u00e3o\" \/>\n<meta property=\"og:url\" content=\"https:\/\/atriosstudio.com.br\/index.php\/2023\/12\/13\/gestacao-e-pilates-4-motivos-para-mamaes-praticarem\/\" \/>\n<meta property=\"og:site_name\" content=\"\u00c1trios Studio\" \/>\n<meta property=\"article:published_time\" content=\"2023-12-13T20:30:00+00:00\" \/>\n<meta property=\"article:modified_time\" content=\"2024-05-27T20:32:19+00:00\" \/>\n<meta property=\"og:image\" content=\"https:\/\/atriosstudio.com.br\/wp-content\/uploads\/2024\/05\/Gestacao.png\" \/>\n\t<meta property=\"og:image:width\" content=\"960\" \/>\n\t<meta property=\"og:image:height\" content=\"540\" \/>\n\t<meta property=\"og:image:type\" content=\"image\/png\" \/>\n<meta name=\"author\" content=\"camilajonco\" \/>\n<meta name=\"twitter:card\" content=\"summary_large_image\" \/>\n<meta name=\"twitter:label1\" content=\"Escrito por\" \/>\n\t<meta name=\"twitter:data1\" content=\"camilajonco\" \/>\n\t<meta name=\"twitter:label2\" content=\"Est. tempo de leitura\" \/>\n\t<meta name=\"twitter:data2\" content=\"2 minutos\" \/>\n<script type=\"application\/ld+json\" class=\"yoast-schema-graph\">{\"@context\":\"https:\/\/schema.org\",\"@graph\":[{\"@type\":\"Article\",\"@id\":\"https:\/\/atriosstudio.com.br\/index.php\/2023\/12\/13\/gestacao-e-pilates-4-motivos-para-mamaes-praticarem\/#article\",\"isPartOf\":{\"@id\":\"https:\/\/atriosstudio.com.br\/index.php\/2023\/12\/13\/gestacao-e-pilates-4-motivos-para-mamaes-praticarem\/\"},\"author\":{\"name\":\"camilajonco\",\"@id\":\"https:\/\/atriosstudio.com.br\/#\/schema\/person\/fe639e0c433f3da6117295cb217df316\"},\"headline\":\"Gesta\u00e7\u00e3o e pilates &#8211; 4 motivos para mam\u00e3es praticarem\",\"datePublished\":\"2023-12-13T20:30:00+00:00\",\"dateModified\":\"2024-05-27T20:32:19+00:00\",\"mainEntityOfPage\":{\"@id\":\"https:\/\/atriosstudio.com.br\/index.php\/2023\/12\/13\/gestacao-e-pilates-4-motivos-para-mamaes-praticarem\/\"},\"wordCount\":253,\"commentCount\":0,\"publisher\":{\"@id\":\"https:\/\/atriosstudio.com.br\/#organization\"},\"image\":{\"@id\":\"https:\/\/atriosstudio.com.br\/index.php\/2023\/12\/13\/gestacao-e-pilates-4-motivos-para-mamaes-praticarem\/#primaryimage\"},\"thumbnailUrl\":\"https:\/\/atriosstudio.com.br\/wp-content\/uploads\/2024\/05\/Gestacao.png\",\"articleSection\":[\"Gesta\u00e7\u00e3o\"],\"inLanguage\":\"pt-BR\",\"potentialAction\":[{\"@type\":\"CommentAction\",\"name\":\"Comment\",\"target\":[\"https:\/\/atriosstudio.com.br\/index.php\/2023\/12\/13\/gestacao-e-pilates-4-motivos-para-mamaes-praticarem\/#respond\"]}]},{\"@type\":\"WebPage\",\"@id\":\"https:\/\/atriosstudio.com.br\/index.php\/2023\/12\/13\/gestacao-e-pilates-4-motivos-para-mamaes-praticarem\/\",\"url\":\"https:\/\/atriosstudio.com.br\/index.php\/2023\/12\/13\/gestacao-e-pilates-4-motivos-para-mamaes-praticarem\/\",\"name\":\"Gesta\u00e7\u00e3o e pilates - 4 motivos para mam\u00e3es praticarem - \u00c1trios Studio\",\"isPartOf\":{\"@id\":\"https:\/\/atriosstudio.com.br\/#website\"},\"primaryImageOfPage\":{\"@id\":\"https:\/\/atriosstudio.com.br\/index.php\/2023\/12\/13\/gestacao-e-pilates-4-motivos-para-mamaes-praticarem\/#primaryimage\"},\"image\":{\"@id\":\"https:\/\/atriosstudio.com.br\/index.php\/2023\/12\/13\/gestacao-e-pilates-4-motivos-para-mamaes-praticarem\/#primaryimage\"},\"thumbnailUrl\":\"https:\/\/atriosstudio.com.br\/wp-content\/uploads\/2024\/05\/Gestacao.png\",\"datePublished\":\"2023-12-13T20:30:00+00:00\",\"dateModified\":\"2024-05-27T20:32:19+00:00\",\"description\":\"O pilates tem sua abordagem centrada no fortalecimento e na conex\u00e3o mente-corpo. A pr\u00e1tica \u00e9 valiosa em todas as fases da gesta\u00e7\u00e3o\",\"breadcrumb\":{\"@id\":\"https:\/\/atriosstudio.com.br\/index.php\/2023\/12\/13\/gestacao-e-pilates-4-motivos-para-mamaes-praticarem\/#breadcrumb\"},\"inLanguage\":\"pt-BR\",\"potentialAction\":[{\"@type\":\"ReadAction\",\"target\":[\"https:\/\/atriosstudio.com.br\/index.php\/2023\/12\/13\/gestacao-e-pilates-4-motivos-para-mamaes-praticarem\/\"]}]},{\"@type\":\"ImageObject\",\"inLanguage\":\"pt-BR\",\"@id\":\"https:\/\/atriosstudio.com.br\/index.php\/2023\/12\/13\/gestacao-e-pilates-4-motivos-para-mamaes-praticarem\/#primaryimage\",\"url\":\"https:\/\/atriosstudio.com.br\/wp-content\/uploads\/2024\/05\/Gestacao.png\",\"contentUrl\":\"https:\/\/atriosstudio.com.br\/wp-content\/uploads\/2024\/05\/Gestacao.png\",\"width\":960,\"height\":540},{\"@type\":\"BreadcrumbList\",\"@id\":\"https:\/\/atriosstudio.com.br\/index.php\/2023\/12\/13\/gestacao-e-pilates-4-motivos-para-mamaes-praticarem\/#breadcrumb\",\"itemListElement\":[{\"@type\":\"ListItem\",\"position\":1,\"name\":\"In\u00edcio\",\"item\":\"https:\/\/atriosstudio.com.br\/\"},{\"@type\":\"ListItem\",\"position\":2,\"name\":\"Gesta\u00e7\u00e3o e pilates &#8211; 4 motivos para mam\u00e3es praticarem\"}]},{\"@type\":\"WebSite\",\"@id\":\"https:\/\/atriosstudio.com.br\/#website\",\"url\":\"https:\/\/atriosstudio.com.br\/\",\"name\":\"\u00c1trios Studio\",\"description\":\"Pilates e treinamento f\u00edsico\",\"publisher\":{\"@id\":\"https:\/\/atriosstudio.com.br\/#organization\"},\"potentialAction\":[{\"@type\":\"SearchAction\",\"target\":{\"@type\":\"EntryPoint\",\"urlTemplate\":\"https:\/\/atriosstudio.com.br\/?s={search_term_string}\"},\"query-input\":\"required name=search_term_string\"}],\"inLanguage\":\"pt-BR\"},{\"@type\":\"Organization\",\"@id\":\"https:\/\/atriosstudio.com.br\/#organization\",\"name\":\"\u00c1trios Studio\",\"url\":\"https:\/\/atriosstudio.com.br\/\",\"logo\":{\"@type\":\"ImageObject\",\"inLanguage\":\"pt-BR\",\"@id\":\"https:\/\/atriosstudio.com.br\/#\/schema\/logo\/image\/\",\"url\":\"https:\/\/atriosstudio.com.br\/wp-content\/uploads\/2024\/03\/cropped-3-e1711142559393.png\",\"contentUrl\":\"https:\/\/atriosstudio.com.br\/wp-content\/uploads\/2024\/03\/cropped-3-e1711142559393.png\",\"width\":553,\"height\":250,\"caption\":\"\u00c1trios Studio\"},\"image\":{\"@id\":\"https:\/\/atriosstudio.com.br\/#\/schema\/logo\/image\/\"}},{\"@type\":\"Person\",\"@id\":\"https:\/\/atriosstudio.com.br\/#\/schema\/person\/fe639e0c433f3da6117295cb217df316\",\"name\":\"camilajonco\",\"image\":{\"@type\":\"ImageObject\",\"inLanguage\":\"pt-BR\",\"@id\":\"https:\/\/atriosstudio.com.br\/#\/schema\/person\/image\/\",\"url\":\"https:\/\/secure.gravatar.com\/avatar\/4126ec5ef877413cd710f6aeed75e228?s=96&d=mm&r=g\",\"contentUrl\":\"https:\/\/secure.gravatar.com\/avatar\/4126ec5ef877413cd710f6aeed75e228?s=96&d=mm&r=g\",\"caption\":\"camilajonco\"},\"sameAs\":[\"https:\/\/atriosstudio.com.br\"],\"url\":\"https:\/\/atriosstudio.com.br\/index.php\/author\/camilajonco\/\"}]}<\/script>\n<!-- \/ Yoast SEO plugin. -->","yoast_head_json":{"title":"Gesta\u00e7\u00e3o e pilates - 4 motivos para mam\u00e3es praticarem - \u00c1trios Studio","description":"O pilates tem sua abordagem centrada no fortalecimento e na conex\u00e3o mente-corpo. A pr\u00e1tica \u00e9 valiosa em todas as fases da gesta\u00e7\u00e3o","robots":{"index":"index","follow":"follow","max-snippet":"max-snippet:-1","max-image-preview":"max-image-preview:large","max-video-preview":"max-video-preview:-1"},"canonical":"https:\/\/atriosstudio.com.br\/index.php\/2023\/12\/13\/gestacao-e-pilates-4-motivos-para-mamaes-praticarem\/","og_locale":"pt_BR","og_type":"article","og_title":"Gesta\u00e7\u00e3o e pilates - 4 motivos para mam\u00e3es praticarem - \u00c1trios Studio","og_description":"O pilates tem sua abordagem centrada no fortalecimento e na conex\u00e3o mente-corpo. A pr\u00e1tica \u00e9 valiosa em todas as fases da gesta\u00e7\u00e3o","og_url":"https:\/\/atriosstudio.com.br\/index.php\/2023\/12\/13\/gestacao-e-pilates-4-motivos-para-mamaes-praticarem\/","og_site_name":"\u00c1trios Studio","article_published_time":"2023-12-13T20:30:00+00:00","article_modified_time":"2024-05-27T20:32:19+00:00","og_image":[{"width":960,"height":540,"url":"https:\/\/atriosstudio.com.br\/wp-content\/uploads\/2024\/05\/Gestacao.png","type":"image\/png"}],"author":"camilajonco","twitter_card":"summary_large_image","twitter_misc":{"Escrito por":"camilajonco","Est. tempo de leitura":"2 minutos"},"schema":{"@context":"https:\/\/schema.org","@graph":[{"@type":"Article","@id":"https:\/\/atriosstudio.com.br\/index.php\/2023\/12\/13\/gestacao-e-pilates-4-motivos-para-mamaes-praticarem\/#article","isPartOf":{"@id":"https:\/\/atriosstudio.com.br\/index.php\/2023\/12\/13\/gestacao-e-pilates-4-motivos-para-mamaes-praticarem\/"},"author":{"name":"camilajonco","@id":"https:\/\/atriosstudio.com.br\/#\/schema\/person\/fe639e0c433f3da6117295cb217df316"},"headline":"Gesta\u00e7\u00e3o e pilates &#8211; 4 motivos para mam\u00e3es praticarem","datePublished":"2023-12-13T20:30:00+00:00","dateModified":"2024-05-27T20:32:19+00:00","mainEntityOfPage":{"@id":"https:\/\/atriosstudio.com.br\/index.php\/2023\/12\/13\/gestacao-e-pilates-4-motivos-para-mamaes-praticarem\/"},"wordCount":253,"commentCount":0,"publisher":{"@id":"https:\/\/atriosstudio.com.br\/#organization"},"image":{"@id":"https:\/\/atriosstudio.com.br\/index.php\/2023\/12\/13\/gestacao-e-pilates-4-motivos-para-mamaes-praticarem\/#primaryimage"},"thumbnailUrl":"https:\/\/atriosstudio.com.br\/wp-content\/uploads\/2024\/05\/Gestacao.png","articleSection":["Gesta\u00e7\u00e3o"],"inLanguage":"pt-BR","potentialAction":[{"@type":"CommentAction","name":"Comment","target":["https:\/\/atriosstudio.com.br\/index.php\/2023\/12\/13\/gestacao-e-pilates-4-motivos-para-mamaes-praticarem\/#respond"]}]},{"@type":"WebPage","@id":"https:\/\/atriosstudio.com.br\/index.php\/2023\/12\/13\/gestacao-e-pilates-4-motivos-para-mamaes-praticarem\/","url":"https:\/\/atriosstudio.com.br\/index.php\/2023\/12\/13\/gestacao-e-pilates-4-motivos-para-mamaes-praticarem\/","name":"Gesta\u00e7\u00e3o e pilates - 4 motivos para mam\u00e3es praticarem - \u00c1trios Studio","isPartOf":{"@id":"https:\/\/atriosstudio.com.br\/#website"},"primaryImageOfPage":{"@id":"https:\/\/atriosstudio.com.br\/index.php\/2023\/12\/13\/gestacao-e-pilates-4-motivos-para-mamaes-praticarem\/#primaryimage"},"image":{"@id":"https:\/\/atriosstudio.com.br\/index.php\/2023\/12\/13\/gestacao-e-pilates-4-motivos-para-mamaes-praticarem\/#primaryimage"},"thumbnailUrl":"https:\/\/atriosstudio.com.br\/wp-content\/uploads\/2024\/05\/Gestacao.png","datePublished":"2023-12-13T20:30:00+00:00","dateModified":"2024-05-27T20:32:19+00:00","description":"O pilates tem sua abordagem centrada no fortalecimento e na conex\u00e3o mente-corpo. A pr\u00e1tica \u00e9 valiosa em todas as fases da gesta\u00e7\u00e3o","breadcrumb":{"@id":"https:\/\/atriosstudio.com.br\/index.php\/2023\/12\/13\/gestacao-e-pilates-4-motivos-para-mamaes-praticarem\/#breadcrumb"},"inLanguage":"pt-BR","potentialAction":[{"@type":"ReadAction","target":["https:\/\/atriosstudio.com.br\/index.php\/2023\/12\/13\/gestacao-e-pilates-4-motivos-para-mamaes-praticarem\/"]}]},{"@type":"ImageObject","inLanguage":"pt-BR","@id":"https:\/\/atriosstudio.com.br\/index.php\/2023\/12\/13\/gestacao-e-pilates-4-motivos-para-mamaes-praticarem\/#primaryimage","url":"https:\/\/atriosstudio.com.br\/wp-content\/uploads\/2024\/05\/Gestacao.png","contentUrl":"https:\/\/atriosstudio.com.br\/wp-content\/uploads\/2024\/05\/Gestacao.png","width":960,"height":540},{"@type":"BreadcrumbList","@id":"https:\/\/atriosstudio.com.br\/index.php\/2023\/12\/13\/gestacao-e-pilates-4-motivos-para-mamaes-praticarem\/#breadcrumb","itemListElement":[{"@type":"ListItem","position":1,"name":"In\u00edcio","item":"https:\/\/atriosstudio.com.br\/"},{"@type":"ListItem","position":2,"name":"Gesta\u00e7\u00e3o e pilates &#8211; 4 motivos para mam\u00e3es praticarem"}]},{"@type":"WebSite","@id":"https:\/\/atriosstudio.com.br\/#website","url":"https:\/\/atriosstudio.com.br\/","name":"\u00c1trios Studio","description":"Pilates e treinamento f\u00edsico","publisher":{"@id":"https:\/\/atriosstudio.com.br\/#organization"},"potentialAction":[{"@type":"SearchAction","target":{"@type":"EntryPoint","urlTemplate":"https:\/\/atriosstudio.com.br\/?s={search_term_string}"},"query-input":"required name=search_term_string"}],"inLanguage":"pt-BR"},{"@type":"Organization","@id":"https:\/\/atriosstudio.com.br\/#organization","name":"\u00c1trios Studio","url":"https:\/\/atriosstudio.com.br\/","logo":{"@type":"ImageObject","inLanguage":"pt-BR","@id":"https:\/\/atriosstudio.com.br\/#\/schema\/logo\/image\/","url":"https:\/\/atriosstudio.com.br\/wp-content\/uploads\/2024\/03\/cropped-3-e1711142559393.png","contentUrl":"https:\/\/atriosstudio.com.br\/wp-content\/uploads\/2024\/03\/cropped-3-e1711142559393.png","width":553,"height":250,"caption":"\u00c1trios Studio"},"image":{"@id":"https:\/\/atriosstudio.com.br\/#\/schema\/logo\/image\/"}},{"@type":"Person","@id":"https:\/\/atriosstudio.com.br\/#\/schema\/person\/fe639e0c433f3da6117295cb217df316","name":"camilajonco","image":{"@type":"ImageObject","inLanguage":"pt-BR","@id":"https:\/\/atriosstudio.com.br\/#\/schema\/person\/image\/","url":"https:\/\/secure.gravatar.com\/avatar\/4126ec5ef877413cd710f6aeed75e228?s=96&d=mm&r=g","contentUrl":"https:\/\/secure.gravatar.com\/avatar\/4126ec5ef877413cd710f6aeed75e228?s=96&d=mm&r=g","caption":"camilajonco"},"sameAs":["https:\/\/atriosstudio.com.br"],"url":"https:\/\/atriosstudio.com.br\/index.php\/author\/camilajonco\/"}]}},"_links":{"self":[{"href":"https:\/\/atriosstudio.com.br\/index.php\/wp-json\/wp\/v2\/posts\/168"}],"collection":[{"href":"https:\/\/atriosstudio.com.br\/index.php\/wp-json\/wp\/v2\/posts"}],"about":[{"href":"https:\/\/atriosstudio.com.br\/index.php\/wp-json\/wp\/v2\/types\/post"}],"author":[{"embeddable":true,"href":"https:\/\/atriosstudio.com.br\/index.php\/wp-json\/wp\/v2\/users\/1"}],"replies":[{"embeddable":true,"href":"https:\/\/atriosstudio.com.br\/index.php\/wp-json\/wp\/v2\/comments?post=168"}],"version-history":[{"count":1,"href":"https:\/\/atriosstudio.com.br\/index.php\/wp-json\/wp\/v2\/posts\/168\/revisions"}],"predecessor-version":[{"id":170,"href":"https:\/\/atriosstudio.com.br\/index.php\/wp-json\/wp\/v2\/posts\/168\/revisions\/170"}],"wp:featuredmedia":[{"embeddable":true,"href":"https:\/\/atriosstudio.com.br\/index.php\/wp-json\/wp\/v2\/media\/169"}],"wp:attachment":[{"href":"https:\/\/atriosstudio.com.br\/index.php\/wp-json\/wp\/v2\/media?parent=168"}],"wp:term":[{"taxonomy":"category","embeddable":true,"href":"https:\/\/atriosstudio.com.br\/index.php\/wp-json\/wp\/v2\/categories?post=168"},{"taxonomy":"post_tag","embeddable":true,"href":"https:\/\/atriosstudio.com.br\/index.php\/wp-json\/wp\/v2\/tags?post=168"}],"curies":[{"name":"wp","href":"https:\/\/api.w.org\/{rel}","templated":true}]}}